{"id":19635,"date":"2020-03-01T21:08:00","date_gmt":"2020-03-01T20:08:00","guid":{"rendered":"https:\/\/www.jrseco.com\/?p=19635"},"modified":"2020-03-06T12:58:46","modified_gmt":"2020-03-06T11:58:46","slug":"entschliessung-des-europaeischen-parlaments-gesundheitsproblematik-in-zusammenhang-mit-elektromagnetischen-feldern","status":"publish","type":"post","link":"https:\/\/www.jrseco.com\/de\/entschliessung-des-europaeischen-parlaments-gesundheitsproblematik-in-zusammenhang-mit-elektromagnetischen-feldern\/","title":{"rendered":"Entschlie\u00dfung des Europ\u00e4ischen Parlaments: Gesundheitsproblematik in Zusammenhang mit elektromagnetischen Feldern"},"content":{"rendered":"<p><strong>Aktualisierung M\u00e4rz 2020:<\/strong> <a href=\"https:\/\/www.jrseco.com\/wp-content\/uploads\/Briefing-Effects-of-5G-Wireless-Communication-on-Human-Health-EPRS.pdf\">Briefing zu den Auswirkungen der drahtlosen 5G-Kommunikation auf die Gesundheit<\/a> &#8211; Europ\u00e4ischer Parlamentarischer Forschungsdienst &#8211; PE 646.172<\/p>\n<p>Entschlie\u00dfung des Europ\u00e4ischen Parlaments vom 2. April 2009 zu Gesundheitsproblematik in Zusammenhang mit elektromagnetischen Feldern (<a href=\"http:\/\/www.europarl.europa.eu\/oeil\/FindByProcnum.do?lang=en&amp;procnum=INI\/2008\/2211\" target=\"_blank\" rel=\"noopener noreferrer\">2008\/2211(INI)<\/a>)<\/p>\n<p>Am 2. April 2009 nahm das Europ\u00e4ische Parlament mit 566 Ja-Stimmen die Entschlie\u00dfung mit dem Titel &#8222;Gesundheitsproblematik in Zusammenhang mit elektromagnetischen Feldern (EMF)&#8220; an.<\/p>\n<h3>Drei Punkte aus der Entschlie\u00dfung:<\/h3>\n<p><span class=\"italic\">Das Europ\u00e4ische Parlament<\/span><\/p>\n<p>1.\u00a0\u00a0 fordert die Kommission nachdr\u00fccklich auf, die wissenschaftliche Grundlage und die Angemessenheit der in der Empfehlung 1999\/519\/EG festgelegten EMF-Grenzwerte zu \u00fcberpr\u00fcfen und dem Parlament dar\u00fcber Bericht zu erstatten; fordert, dass diese \u00dcberpr\u00fcfung von dem wissenschaftlichen Ausschuss &#8222;Neu auftretende und neu identifizierte Gesundheitsrisiken&#8220; durchgef\u00fchrt wird;<\/p>\n<p>27.\u00a0\u00a0 ist in h\u00f6chstem Ma\u00dfe besorgt \u00fcber die Tatsache, dass die <a href=\"https:\/\/www.jrseco.com\/de\/cat\/versicherer\/\">Versicherungsgesellschaften<\/a> dazu tendieren, die Abdeckung der Risiken im Zusammenhang mit EMF aus den Haftpflichtversicherungen auszuschlie\u00dfen, was offensichtlich bedeutet, dass sich die europ\u00e4ischen Versicherer bereits nach ihrer Version des Vorsorgeprinzips richten;<\/p>\n<h4>Der Punkt, der in der Entschlie\u00dfung \u00fcber die Anerkennung der Elektrohypersensibilit\u00e4t genannt wird:<\/h4>\n<p><span class=\"italic\">28.\u00a0\u00a0 fordert die Mitgliedstaaten auf, dem Beispiel Schwedens zu folgen und Menschen, die an Elektrohypersensibilit\u00e4t leiden, als behindert anzuerkennen, um ihnen einen angemessenen Schutz und Chancengleichheit zu bieten;<br \/>\n<\/span><\/p>\n<p><a href=\"http:\/\/www.europarl.europa.eu\/sides\/getDoc.do?pubRef=-\/\/EP\/\/TEXT+TA+P6-TA-2009-0216+0+DOC+XML+V0\/\/DE\" target=\"_blank\" rel=\"noopener noreferrer\">Link zur EU-Seite mit dem vollst\u00e4ndigen Text der Entschlie\u00dfung<\/a><\/p>\n","protected":false},"excerpt":{"rendered":"<p>Aktualisierung M\u00e4rz 2020: Briefing zu den Auswirkungen der drahtlosen 5G-Kommunikation auf die Gesundheit &#8211; Europ\u00e4ischer Parlamentarischer Forschungsdienst &#8211; PE 646.172 Entschlie\u00dfung des Europ\u00e4ischen Parlaments vom 2. April 2009 zu Gesundheitsproblematik in Zusammenhang mit elektromagnetischen Feldern (2008\/2211(INI)) Am 2. April 2009 nahm das Europ\u00e4ische Parlament mit 566 Ja-Stimmen die Entschlie\u00dfung mit dem Titel &#8222;Gesundheitsproblematik in Zusammenhang [&hellip;]<\/p>\n","protected":false},"author":346,"featured_media":2822,"comment_status":"closed","ping_status":"closed","sticky":true,"template":"","format":"standard","meta":{"footnotes":""},"categories":[98,112],"tags":[159],"class_list":["post-19635","post","type-post","status-publish","format-standard","has-post-thumbnail","hentry","category-blog-de","category-regierung","tag-europaeisches-parlament"],"featured_image_src":{"landsacpe":["https:\/\/www.jrseco.com\/wp-content\/uploads\/eu_flag.jpg",200,200,false],"list":["https:\/\/www.jrseco.com\/wp-content\/uploads\/eu_flag.jpg",200,200,false],"medium":["https:\/\/www.jrseco.com\/wp-content\/uploads\/eu_flag.jpg",200,200,false],"full":["https:\/\/www.jrseco.com\/wp-content\/uploads\/eu_flag.jpg",200,200,false]},"_links":{"self":[{"href":"https:\/\/www.jrseco.com\/de\/wp-json\/wp\/v2\/posts\/19635","targetHints":{"allow":["GET"]}}],"collection":[{"href":"https:\/\/www.jrseco.com\/de\/wp-json\/wp\/v2\/posts"}],"about":[{"href":"https:\/\/www.jrseco.com\/de\/wp-json\/wp\/v2\/types\/post"}],"author":[{"embeddable":true,"href":"https:\/\/www.jrseco.com\/de\/wp-json\/wp\/v2\/users\/346"}],"replies":[{"embeddable":true,"href":"https:\/\/www.jrseco.com\/de\/wp-json\/wp\/v2\/comments?post=19635"}],"version-history":[{"count":0,"href":"https:\/\/www.jrseco.com\/de\/wp-json\/wp\/v2\/posts\/19635\/revisions"}],"wp:featuredmedia":[{"embeddable":true,"href":"https:\/\/www.jrseco.com\/de\/wp-json\/wp\/v2\/media\/2822"}],"wp:attachment":[{"href":"https:\/\/www.jrseco.com\/de\/wp-json\/wp\/v2\/media?parent=19635"}],"wp:term":[{"taxonomy":"category","embeddable":true,"href":"https:\/\/www.jrseco.com\/de\/wp-json\/wp\/v2\/categories?post=19635"},{"taxonomy":"post_tag","embeddable":true,"href":"https:\/\/www.jrseco.com\/de\/wp-json\/wp\/v2\/tags?post=19635"}],"curies":[{"name":"wp","href":"https:\/\/api.w.org\/{rel}","templated":true}]}}