{"id":10667,"date":"2019-05-31T13:56:17","date_gmt":"2019-05-31T11:56:17","guid":{"rendered":"https:\/\/www.jrseco.com\/appel-a-lue-sur-la-5g-les-scientifiques-mettent-en-garde-contre-les-effets-potentiellement-graves-pour-la-sante-de-la-5g\/"},"modified":"2022-04-08T13:13:26","modified_gmt":"2022-04-08T11:13:26","slug":"appel-a-lue-sur-la-5g-les-scientifiques-mettent-en-garde-contre-les-effets-potentiellement-graves-pour-la-sante-de-la-5g","status":"publish","type":"post","link":"https:\/\/www.jrseco.com\/fr\/appel-a-lue-sur-la-5g-les-scientifiques-mettent-en-garde-contre-les-effets-potentiellement-graves-pour-la-sante-de-la-5g\/","title":{"rendered":"Appel \u00e0 l&rsquo;UE sur la 5G &#8211; Les scientifiques mettent en garde contre les effets potentiellement graves pour la sant\u00e9 de la 5G"},"content":{"rendered":"<p>Dans un <a href=\"https:\/\/www.jrseco.com\/wp-content\/uploads\/2017-09-13-Scientist-Appeal-5G-Moratorium.pdf\" target=\"_blank\" rel=\"noopener noreferrer\">appel \u00e0 l&rsquo;Union europ\u00e9enne<\/a>, plus de 180 scientifiques et m\u00e9decins de 36 pays mettent en garde contre les dangers de la 5G, qui conduira \u00e0 une augmentation significative de l&rsquo;exposition des personnes aux radiations \u00e9lectromagn\u00e9tiques. Les scientifiques exhortent l&rsquo;UE \u00e0 respecter la <a href=\"https:\/\/www.jrseco.com\/nl\/advies-raad-van-europa-over-gezondheidsrisicos-elektromagnetische-straling\/\">r\u00e9solution 1815 du Conseil de l&rsquo;Europe.<\/a> Ils demandent qu&rsquo;un groupe de travail ind\u00e9pendant soit cr\u00e9\u00e9 dans l&rsquo;UE pour r\u00e9\u00e9valuer les effets sur la sant\u00e9.<\/p>\n<p><strong><em>\u00ab Nous, soussign\u00e9s scientifiques, recommandons un moratoire sur le d\u00e9ploiement de la 5G, la cinqui\u00e8me g\u00e9n\u00e9ration de support hertzien pour les communications mobiles, jusqu&rsquo;\u00e0 ce que les dangers potentiels pour la sant\u00e9 humaine et l&rsquo;environnement aient \u00e9t\u00e9 compl\u00e8tement \u00e9valu\u00e9s par des scientifiques ind\u00e9pendants de l&rsquo;industrie. La 5G augmentera consid\u00e9rablement l&rsquo;exposition aux champs \u00e9lectromagn\u00e9tiques de radiofr\u00e9quence (CEM-RF) par rapport aux r\u00e9seaux existants 2G, 3G, 4G, Wi-Fi etc. Il est prouv\u00e9 que les \u00e9missions CEM-RF sont nuisibles \u00e0 l&rsquo;homme et \u00e0 l&rsquo;environnement \u00bb.<\/em><\/strong><\/p>\n<p><a href=\"https:\/\/www.jrseco.com\/wp-content\/uploads\/2017-09-13-Scientist-Appeal-5G-Moratorium.pdf\" target=\"_blank\" rel=\"noopener noreferrer\">Lien vers le fichier PDF du texte int\u00e9gral<\/a><\/p>\n<p><a href=\"https:\/\/www.5gappeal.eu\/\" target=\"_blank\" rel=\"noopener noreferrer\">Acc\u00e9der au site Web<\/a><\/p>\n<h2>Promoteurs<\/h2>\n<p>L&rsquo;un des promoteurs est le <a href=\"https:\/\/www.jrseco.com\/nl\/?s=hardell\">Dr. L. Hardell<\/a>, professeur d&rsquo;oncologie \u00e0 l&rsquo;Universit\u00e9 d&rsquo;\u00d6rebro en Su\u00e8de. Il dit : \u00ab L&rsquo;industrie des t\u00e9l\u00e9communications tente de d\u00e9ployer des technologies qui peuvent avoir des cons\u00e9quences, involontaires, mais bien r\u00e9elles et dommageables. Les \u00e9tudes scientifiques, aussi bien r\u00e9centes que depuis de nombreuses ann\u00e9es, \u00e9tablissent l&rsquo;existence d&rsquo;effets nocifs sur la sant\u00e9 lors de l&rsquo;essai de produits sans fil dans des conditions d&rsquo;utilisation r\u00e9alistes. Nous sommes tr\u00e8s pr\u00e9occup\u00e9s par le fait que l&rsquo;augmentation de l&rsquo;exposition aux radiations de la 5G entra\u00eene des dommages irr\u00e9versibles \u00bb.<\/p>\n<p>Hardell : \u00ab La cinqui\u00e8me g\u00e9n\u00e9ration (5G) de supports de transmission radiofr\u00e9quence est maintenant d\u00e9velopp\u00e9e. Cela s&rsquo;est fait sans essais dosim\u00e9triques ou \u00e9tudes sur les effets possibles sur la sant\u00e9. Les m\u00e9dias ne cessent de glorifier toutes les possibilit\u00e9s que cette technologie promet d&rsquo;offrir, telles que la voiture autonome et l&rsquo;Internet des objets (IdO). Les cons\u00e9quences pour la sant\u00e9 humaine, v\u00e9g\u00e9tale et animale ne sont pas du tout prises en consid\u00e9ration. Les politiciens, les gouvernements et les m\u00e9dias sont responsables d&rsquo;une information d\u00e9s\u00e9quilibr\u00e9e. Le citoyen n&rsquo;est pas inform\u00e9 des points de vue qui s&rsquo;opposent \u00e0 ce d\u00e9veloppement technologique. Pour les m\u00e9dias su\u00e9dois, mais aussi pour ceux de la plupart des autres pays, les effets des radiations radiofr\u00e9quences sur la sant\u00e9 ne sont pas un probl\u00e8me. \u00bb<\/p>\n<h2>R\u00e9seau 5G<\/h2>\n<p>L&rsquo;extension du r\u00e9seau 5G, con\u00e7u pour transmettre sans fil de plus grandes quantit\u00e9s de donn\u00e9es plus rapidement, n\u00e9cessite la construction de beaucoup de nouveaux m\u00e2ts dans les zones urbaines. Au point que les scientifiques argumentent que personne n&rsquo;\u00e9chappera aux effets potentiellement nuisibles des radiations. Et ce alors que nous sommes d\u00e9j\u00e0 expos\u00e9s aux radiations des r\u00e9seaux 2G, 3G, 4G et Wi-Fi.<\/p>\n<h2>Influence de l&rsquo;industrie sur les \u00e9tudes<\/h2>\n<p>Il a \u00e9t\u00e9 d\u00e9montr\u00e9 que, dans le pass\u00e9, des \u00e9tudes sur l&rsquo;impact des radiations sur la sant\u00e9 \u00e9taient souvent influenc\u00e9es par l&rsquo;industrie. Les scientifiques insistent sur la n\u00e9cessit\u00e9 de mener aujourd&rsquo;hui des recherches ind\u00e9pendantes sur les effets du rayonnement 5G \u00ab afin d&rsquo;assurer la s\u00e9curit\u00e9 de la population \u00bb. C&rsquo;est pourquoi ils demandent \u00e0 la Commission Europ\u00e9enne de reporter l&rsquo;extension du r\u00e9seau 5G \u00ab jusqu&rsquo;\u00e0 ce que des scientifiques ind\u00e9pendants aient pu \u00e9tudier \u00e0 fond les risques potentiels que le d\u00e9ploiement de cette technologie repr\u00e9sente pour la sant\u00e9 humaine et l&rsquo;environnement \u00bb.<\/p>\n<p>Mise \u00e0 jour le 5 septembre : <a href=\"https:\/\/betweenrockandhardplace.wordpress.com\/2020\/09\/05\/significant-discrepancy-of-opinions-on-5g-and-health-between-icnirp-and-the-health-council-of-the-netherlands\/\" target=\"_blank\" rel=\"noopener noreferrer\">Significant discrepancy of opinions on 5G and health between ICNIRP and the Health Council of the Netherlands<\/a><\/p>\n<h2>R\u00e9ponse de la Commission europ\u00e9enne<\/h2>\n<p>En r\u00e9ponse \u00e0 la question <a href=\"http:\/\/www.europarl.europa.eu\/doceo\/document\/E-8-2018-003975_EN.html\" target=\"_blank\" rel=\"noopener noreferrer\">E-003975\/2018<\/a>, Nicola Caputo (S&amp;D) a demand\u00e9 \u00e0 la Commission europ\u00e9enne si elle avait l&rsquo;intention de cr\u00e9er un groupe de travail europ\u00e9en de scientifiques ind\u00e9pendants et impartiaux sur les champs \u00e9lectromagn\u00e9tiques pour examiner les risques pour la sant\u00e9. Dans sa <a href=\"http:\/\/www.europarl.europa.eu\/doceo\/document\/E-8-2018-003975-ASW_EN.html\" target=\"_blank\" rel=\"noopener noreferrer\">r\u00e9ponse<\/a>, la Commission europ\u00e9enne d\u00e9clare que \u00ab\u00a0conform\u00e9ment \u00e0 l&rsquo;article 168 du trait\u00e9 sur le fonctionnement de l&rsquo;Union europ\u00e9enne, <strong>la responsabilit\u00e9 premi\u00e8re de la protection de la population contre les effets nocifs potentiels des champs \u00e9lectromagn\u00e9tiques incombe aux \u00c9tats membres<\/strong>, y compris le choix des mesures \u00e0 adopter en fonction de l&rsquo;\u00e2ge et du statut sanitaire.\u00a0\u00bb<\/p>\n<p><a href=\"https:\/\/www.jrseco.com\/fr\/pcat\/routeurs-wifi-a-emission-d-ondes-reduite-jrs-eco-wifi\/\">JRS Eco-Wifi : le routeur wifi \u00e0 faible rayonnement<\/a><\/p>\n","protected":false},"excerpt":{"rendered":"<p>Dans un appel \u00e0 l&rsquo;Union europ\u00e9enne, plus de 180 scientifiques et m\u00e9decins de 36 pays mettent en garde contre les dangers de la 5G, qui conduira \u00e0 une augmentation significative de l&rsquo;exposition des personnes aux radiations \u00e9lectromagn\u00e9tiques. Les scientifiques exhortent l&rsquo;UE \u00e0 respecter la r\u00e9solution 1815 du Conseil de l&rsquo;Europe. Ils demandent qu&rsquo;un groupe de [&hellip;]<\/p>\n","protected":false},"author":76,"featured_media":2821,"comment_status":"closed","ping_status":"closed","sticky":true,"template":"","format":"standard","meta":{"footnotes":""},"categories":[96,111,118],"tags":[259,453],"class_list":["post-10667","post","type-post","status-publish","format-standard","has-post-thumbnail","hentry","category-blog-fr","category-gouvernement","category-science-fr","tag-5g-fr","tag-sante"],"featured_image_src":{"landsacpe":["https:\/\/www.jrseco.com\/wp-content\/uploads\/eu_flag.jpg",200,200,false],"list":["https:\/\/www.jrseco.com\/wp-content\/uploads\/eu_flag.jpg",200,200,false],"medium":["https:\/\/www.jrseco.com\/wp-content\/uploads\/eu_flag.jpg",200,200,false],"full":["https:\/\/www.jrseco.com\/wp-content\/uploads\/eu_flag.jpg",200,200,false]},"_links":{"self":[{"href":"https:\/\/www.jrseco.com\/fr\/wp-json\/wp\/v2\/posts\/10667","targetHints":{"allow":["GET"]}}],"collection":[{"href":"https:\/\/www.jrseco.com\/fr\/wp-json\/wp\/v2\/posts"}],"about":[{"href":"https:\/\/www.jrseco.com\/fr\/wp-json\/wp\/v2\/types\/post"}],"author":[{"embeddable":true,"href":"https:\/\/www.jrseco.com\/fr\/wp-json\/wp\/v2\/users\/76"}],"replies":[{"embeddable":true,"href":"https:\/\/www.jrseco.com\/fr\/wp-json\/wp\/v2\/comments?post=10667"}],"version-history":[{"count":0,"href":"https:\/\/www.jrseco.com\/fr\/wp-json\/wp\/v2\/posts\/10667\/revisions"}],"wp:featuredmedia":[{"embeddable":true,"href":"https:\/\/www.jrseco.com\/fr\/wp-json\/wp\/v2\/media\/2821"}],"wp:attachment":[{"href":"https:\/\/www.jrseco.com\/fr\/wp-json\/wp\/v2\/media?parent=10667"}],"wp:term":[{"taxonomy":"category","embeddable":true,"href":"https:\/\/www.jrseco.com\/fr\/wp-json\/wp\/v2\/categories?post=10667"},{"taxonomy":"post_tag","embeddable":true,"href":"https:\/\/www.jrseco.com\/fr\/wp-json\/wp\/v2\/tags?post=10667"}],"curies":[{"name":"wp","href":"https:\/\/api.w.org\/{rel}","templated":true}]}}