{"id":14669,"date":"2019-10-29T18:53:29","date_gmt":"2019-10-29T17:53:29","guid":{"rendered":"https:\/\/www.jrseco.com\/?p=14669"},"modified":"2019-10-31T10:35:51","modified_gmt":"2019-10-31T09:35:51","slug":"medecins-en-allemagne-protestent-contre-la-5g","status":"publish","type":"post","link":"https:\/\/www.jrseco.com\/fr\/medecins-en-allemagne-protestent-contre-la-5g\/","title":{"rendered":"M\u00e9decins en Allemagne protestent contre la 5G"},"content":{"rendered":"<p>Source : <a href=\"https:\/\/www.stuttgarter-nachrichten.de\/inhalt.demo-am-staatsministerium-in-stuttgart-protest-gegen-5-g-in-weissen-arztkitteln.f964401b-85f9-4915-a236-4f3177597300.html\" target=\"_blank\" rel=\"noopener noreferrer\">Stuttgarter Nachrichten,<\/a> foto: Lichtgut\/Leif Piechowski<\/p>\n<p>Mercredi apr\u00e8s-midi, des m\u00e9decins ont manifest\u00e9 contre le 5G, devant le D\u00e9partement d&rsquo;Etat \u00e0 Stuttgart. \u00ab\u00a0Nous exigeons des strat\u00e9gies de pr\u00e9vention pour prot\u00e9ger la population, de nouvelles recherches et un moratoire sur l&rsquo;expansion de la 5G \u00ab\u00a0, d\u00e9clare Cornelia M\u00e4stle, docteure en m\u00e9decine interne et cardiologie de Winterbach.<\/p>\n<p>\u00ab\u00a0Nous avons de plus en plus de patients hypersensibles \u00e0 l&rsquo;\u00e9lectrosmog dans notre pratique\u00a0\u00bb, explique J\u00f6rg Schmid, sp\u00e9cialiste en psychiatrie et psychoth\u00e9rapie \u00e0 Stuttgart. Les images cliniques vont des maux de t\u00eate, des acouph\u00e8nes et des probl\u00e8mes de concentration aux arythmies cardiaques. Et m\u00eame si un lien direct entre les rayonnements \u00e9lectromagn\u00e9tiques et le cancer n&rsquo;a pas encore \u00e9t\u00e9 \u00e9tabli, il existe d\u00e9j\u00e0 de nombreuses indications scientifiquement fond\u00e9es de l&rsquo;effet canc\u00e9rig\u00e8ne des rayonnements. M\u00e4stle a exig\u00e9 que la 5G ne soit pas d\u00e9ploy\u00e9e avant qu&rsquo;il soit prouv\u00e9 qu&rsquo;elle est sans danger.<\/p>\n<p>&nbsp;<\/p>\n","protected":false},"excerpt":{"rendered":"<p>Source : Stuttgarter Nachrichten, foto: Lichtgut\/Leif Piechowski Mercredi apr\u00e8s-midi, des m\u00e9decins ont manifest\u00e9 contre le 5G, devant le D\u00e9partement d&rsquo;Etat \u00e0 Stuttgart. \u00ab\u00a0Nous exigeons des strat\u00e9gies de pr\u00e9vention pour prot\u00e9ger la population, de nouvelles recherches et un moratoire sur l&rsquo;expansion de la 5G \u00ab\u00a0, d\u00e9clare Cornelia M\u00e4stle, docteure en m\u00e9decine interne et cardiologie de Winterbach. [&hellip;]<\/p>\n","protected":false},"author":346,"featured_media":14651,"comment_status":"closed","ping_status":"closed","sticky":false,"template":"","format":"standard","meta":{"footnotes":""},"categories":[96,120],"tags":[259],"class_list":["post-14669","post","type-post","status-publish","format-standard","has-post-thumbnail","hentry","category-blog-fr","category-medecins","tag-5g-fr"],"featured_image_src":{"landsacpe":["https:\/\/www.jrseco.com\/wp-content\/uploads\/media.media_.5d96e6f5-7861-41ca-9ae1-06625fc34be9.original1920-1140x445.jpg",1140,445,true],"list":["https:\/\/www.jrseco.com\/wp-content\/uploads\/media.media_.5d96e6f5-7861-41ca-9ae1-06625fc34be9.original1920-463x348.jpg",463,348,true],"medium":["https:\/\/www.jrseco.com\/wp-content\/uploads\/media.media_.5d96e6f5-7861-41ca-9ae1-06625fc34be9.original1920-300x197.jpg",300,197,true],"full":["https:\/\/www.jrseco.com\/wp-content\/uploads\/media.media_.5d96e6f5-7861-41ca-9ae1-06625fc34be9.original1920.jpg",1920,1261,false]},"_links":{"self":[{"href":"https:\/\/www.jrseco.com\/fr\/wp-json\/wp\/v2\/posts\/14669","targetHints":{"allow":["GET"]}}],"collection":[{"href":"https:\/\/www.jrseco.com\/fr\/wp-json\/wp\/v2\/posts"}],"about":[{"href":"https:\/\/www.jrseco.com\/fr\/wp-json\/wp\/v2\/types\/post"}],"author":[{"embeddable":true,"href":"https:\/\/www.jrseco.com\/fr\/wp-json\/wp\/v2\/users\/346"}],"replies":[{"embeddable":true,"href":"https:\/\/www.jrseco.com\/fr\/wp-json\/wp\/v2\/comments?post=14669"}],"version-history":[{"count":0,"href":"https:\/\/www.jrseco.com\/fr\/wp-json\/wp\/v2\/posts\/14669\/revisions"}],"wp:featuredmedia":[{"embeddable":true,"href":"https:\/\/www.jrseco.com\/fr\/wp-json\/wp\/v2\/media\/14651"}],"wp:attachment":[{"href":"https:\/\/www.jrseco.com\/fr\/wp-json\/wp\/v2\/media?parent=14669"}],"wp:term":[{"taxonomy":"category","embeddable":true,"href":"https:\/\/www.jrseco.com\/fr\/wp-json\/wp\/v2\/categories?post=14669"},{"taxonomy":"post_tag","embeddable":true,"href":"https:\/\/www.jrseco.com\/fr\/wp-json\/wp\/v2\/tags?post=14669"}],"curies":[{"name":"wp","href":"https:\/\/api.w.org\/{rel}","templated":true}]}}