{"id":7943,"date":"2011-05-27T06:11:14","date_gmt":"2011-05-27T04:11:14","guid":{"rendered":"https:\/\/www.jrseco.com\/letude-reflex-de-lue-demontre-des-dommages-a-ladn-causes-par-le-rayonnement-des-equipements-sans-fil-et-des-telephones-portables\/"},"modified":"2021-11-25T09:32:25","modified_gmt":"2021-11-25T08:32:25","slug":"letude-reflex-de-lue-demontre-des-dommages-a-ladn-causes-par-le-rayonnement-des-equipements-sans-fil-et-des-telephones-portables","status":"publish","type":"post","link":"https:\/\/www.jrseco.com\/fr\/letude-reflex-de-lue-demontre-des-dommages-a-ladn-causes-par-le-rayonnement-des-equipements-sans-fil-et-des-telephones-portables\/","title":{"rendered":"L&rsquo;\u00e9tude REFLEX de l&rsquo;UE d\u00e9montre des dommages \u00e0 l&rsquo;ADN caus\u00e9s par le rayonnement des \u00e9quipements sans fil et des t\u00e9l\u00e9phones portables"},"content":{"rendered":"<h2>Introduction<\/h2>\n<p><strong>L&rsquo;\u00e9tude europ\u00e9enne REFLEX (2004) a \u00e9t\u00e9 r\u00e9alis\u00e9e pour le compte de l&rsquo;UE par 12 institutions pour un budget total de 3 millions d&rsquo;euros. Les r\u00e9sultats montrent que, m\u00eame \u00e0 une valeur de DAS de 1,3W\/kg (repr\u00e9sentative de nombreux t\u00e9l\u00e9phones portables), des dommages biologiques significatifs dans les cellules humaines et en particulier dans l&rsquo;ADN sont observ\u00e9s.<\/strong><\/p>\n<p>Le point essentiel est que, finalement, les effets non thermiques du rayonnement 2G (GSM), du rayonnement 3G (UMTS) et des champs magn\u00e9tiques provenant des \u00e9quipements et appareils \u00e9lectriques ont \u00e9t\u00e9 \u00e9tudi\u00e9s de fa\u00e7on structur\u00e9e. L&rsquo;effet du rayonnement \u00e9lectromagn\u00e9tique de ces sources s&rsquo;av\u00e8re \u00eatre tr\u00e8s similaire \u00e0 l&rsquo;effet des rayons X. Ceci est remarquable parce que de nombreux physiciens insistent sur le principe que le rayonnement \u00e9lectromagn\u00e9tique, en raison de sa nature non ionisante, ne peut pas endommager l&rsquo;ADN.<\/p>\n<p><strong>L&rsquo;\u00e9tude REFLEX de l&rsquo;UE montre que le rayonnement et les champs magn\u00e9tiques prolong\u00e9s d&rsquo;un t\u00e9l\u00e9phone portable peuvent causer des dommages g\u00e9n\u00e9tiques semblables \u00e0 ceux caus\u00e9s par les radiations radioactives. Le test des com\u00e8tes \u00e9tant tr\u00e8s sensible, il permet de mettre en \u00e9vidence les dommages \u00e0 l&rsquo;ADN. Des fragments d&rsquo;ADN sont pr\u00e9lev\u00e9s \u00e0 l&rsquo;ext\u00e9rieur d&rsquo;une bo\u00eete de P\u00e9tri par \u00e9lectrophor\u00e8se. Plus les fragments sont courts (plus les cassures de l&rsquo;ADN sont nombreuses), plus la queue de la com\u00e8te\u00a0est claire, longue et bien visible au microscope. Ce test permet de mettre en \u00e9vidence l&rsquo;apparition des cassures simple et double brin de l&rsquo;ADN. La figure mise en avant de ce post, en haut \u00e0 gauche, montre le r\u00e9sultat de l&rsquo;exp\u00e9rience de r\u00e9f\u00e9rence (\u00ab\u00a0Sham\u00a0\u00bb repr\u00e9sente la non-exposition), la figure en haut \u00e0 droite montre l&rsquo;effet sur la cellule d&rsquo;un rayonnement X de 0,5 gray, correspondant \u00e0 250 ans de rayonnement naturel ou environ 60 scanners TDM, et la figure du bas montre l&rsquo;effet sur la cellule d&rsquo;un rayonnement \u00e0 la fr\u00e9quence d&rsquo;un t\u00e9l\u00e9phone GSM ordinaire (DAS 1,3 W\/kg) pendant 24 heures. Les deux cas montrent clairement une com\u00e8te avec queue.<\/strong><\/p>\n<p><em>Source de l&rsquo;image : Pr\u00e9sentation du Prof. Dr. Franz Adlkofer (voir pdf ci-dessous).<\/em><\/p>\n<p><img loading=\"lazy\" decoding=\"async\" class=\" alignright size-full wp-image-288\" style=\"margin-left: 10px; margin-right: 10px; margin-bottom: 10px; float: right;\" src=\"https:\/\/www.jrseco.com\/wp-content\/uploads\/mutagenic_pictogram.png\" alt=\"mutagenic pictogram\" width=\"126\" height=\"126\" \/>L&rsquo;\u00e9tude REFLEX montre \u00e9galement qu&rsquo;il existe une relation \u00e0 la dur\u00e9e d&rsquo;exposition, une relation dose-r\u00e9ponse.<\/p>\n<p>Depuis lors, cet effet sur l&rsquo;ADN a d\u00e9j\u00e0 \u00e9t\u00e9 reproduit et confirm\u00e9 par 49 \u00e9tudes diff\u00e9rentes. Voir \u00e9galement<br \/>\n<a href=\"https:\/\/www.jrseco.com\/nl\/sterke-concrete-waarschuwingen-van-wetenschappers-speciale-uitgave-van-elsevier-pathophysiology\/\"><br \/>\nS\u00e9rieuses pr\u00e9occupations des scientifiques. \u00c9dition sp\u00e9ciale de la publication scientifique \u00ab\u00a0Elsevier Pathophysiology\u00a0\u00bb.<\/a><\/p>\n<p><strong>Voir aussi\u00a0: des 42 \u00e9tudes n&rsquo;ayant trouv\u00e9 aucun effet sur l&rsquo;ADN, quasi toutes ont \u00e9t\u00e9 financ\u00e9es par l&rsquo;industrie du sans fil ou par l&rsquo;arm\u00e9e am\u00e9ricaine: <a href=\"https:\/\/www.jrseco.com\/wp-content\/uploads\/mwn.7-06.RR.pdf\"><br \/>\nMicrowave News (2006)<\/a>.<\/strong><\/p>\n<p>Le m\u00e9canisme d&rsquo;action impliqu\u00e9 dans les dommages \u00e0 l&rsquo;ADN est probablement la g\u00e9n\u00e9ration de radicaux libres (d\u00e9riv\u00e9s r\u00e9actifs de l&rsquo;oxyg\u00e8ne, DRO) par le rayonnement \u00e9lectromagn\u00e9tique. L&rsquo;\u00e9tude de Yakymenko <a href=\"https:\/\/scholar.google.nl\/scholar?q=author%3A+yakymenko+10.3109%2F15368378.2015.1043557+Oxidative+mechanisms+of+biological+activity+of+low-intensity+radiofrequency+radiation\" target=\"_blank\" rel=\"noopener noreferrer\"><br \/>\n\u00ab\u00a0M\u00e9canisme oxydant des radiations radiofr\u00e9quence de faible intensit\u00e9\u00a0\u00bb<\/a> \u00e9num\u00e8re 100 \u00e9tudes dans lesquelles la pr\u00e9sence de ces DRO est d\u00e9montr\u00e9e chez des rats, les embryons, etc. apr\u00e8s une exposition \u00e0 des rayonnements \u00e9lectromagn\u00e9tiques tels que ceux des t\u00e9l\u00e9phones portables et des \u00e9quipements sans fil.<\/p>\n<p>Un article clair sur le sujet est <a href=\"\/wp-content\/uploads\/how-susceptible-are-genes-to-mobile-phone-radiation-adlkofer-kompetenz.pdf\" target=\"_blank\" rel=\"noopener noreferrer\"><br \/>\n\u00ab\u00a0Dans quelle mesure les g\u00e8nes sont-ils sensibles aux rayonnements des t\u00e9l\u00e9phones portables ?\u00a0\u00bb <\/a>\u00e9crit par le responsable de l&rsquo;\u00e9tude REFLEX, le prof. Franz Adlkofer, avec Belyaev, Richter et al. (\u00ab\u00a0Kompetenz initiative\u00a0\u00bb, Brochure 3, 2008, Dld.).<\/p>\n<h2>Synth\u00e8se de l&rsquo;\u00e9tude REFLEX<\/h2>\n<p>Auteur\u00a0: Dr. Leendert Vriens<\/p>\n<h3>\u00c9tudes in vitro<\/h3>\n<p>Le rapport REFLEX d\u00e9crit les r\u00e9sultats d&rsquo;une recherche \u00e0 grande \u00e9chelle financ\u00e9e par l&rsquo;UE et men\u00e9e par 12 instituts europ\u00e9ens. Ont \u00e9t\u00e9 \u00e9tudi\u00e9s in vitro, les effets de l&rsquo;exposition des cultures cellulaires a) aux champs magn\u00e9tiques d&rsquo;extr\u00eamement basse fr\u00e9quence (ELF) tels que ceux \u00e9mis par les installations et appareils \u00e9lectriques, et b) aux champs RF puls\u00e9s et non-puls\u00e9s, comme ceux des t\u00e9l\u00e9phones portables et des \u00e9quipements sans fil. Les cultures cellulaires avec des cellules humaines et animales ont \u00e9t\u00e9 plac\u00e9es dans des bo\u00eetes de P\u00e9tri. En ce qui concerne les cellules humaines, la sensibilit\u00e9 aux rayonnements \u00e9lectromagn\u00e9tiques a \u00e9t\u00e9 examin\u00e9e sur : les globules blancs (lymphocytes B et T, monocytes), les cellules du tissu conjonctif (fibroblastes), les cellules cutan\u00e9es (m\u00e9lanocytes), les cellules tumorales (neuroblastome) et les cellules leuc\u00e9miques (HL-60).<\/p>\n<h3>Champs RF provenant de t\u00e9l\u00e9phones portables et d&rsquo;\u00e9quipements sans fil<\/h3>\n<p>Il a \u00e9t\u00e9 constat\u00e9 que les champs RF puls\u00e9s (GSM 900 Mhz et 1800 Mhz) avec des valeurs de DAS de 0,3 W\/kg provoquent des dommages g\u00e9n\u00e9tiques tels que des fractures simples et doubles de l&rsquo;ADN et de l&rsquo;induction MN dans les fibroblastes humains. De plus, une augmentation du nombre de radicaux libres d&rsquo;oxyg\u00e8ne et d&rsquo;hydroxyle (OH) a \u00e9t\u00e9 observ\u00e9e. Les effets thermiques sont n\u00e9gligeables sous cette charge\u00a0; l&rsquo;\u00e9l\u00e9vation de la temp\u00e9rature de la culture cellulaire \u00e9tait de seulement 0,01 degr\u00e9 Celsius. Pour les cellules HN-60, aucun effet de la charge RF n&rsquo;a \u00e9t\u00e9 constat\u00e9 \u00e0 une valeur DAS de 1,0 W\/kg mais une augmentation significative du nombre de fractures d&rsquo;ADN et d&rsquo;induction MN \u00e0 des valeurs de 1,3 et 1,6 W\/kg. Aux charges comprises entre 2,0 et 3,0 W\/kg, un effet a \u00e9t\u00e9 observ\u00e9, mais inf\u00e9rieur \u00e0 celui de 1,3 et 1,6 W\/kg. La forte d\u00e9pendance \u00e0 la charge n&rsquo;est donc pas lin\u00e9aire. L&rsquo;exposition des globules blancs aux champs RF a donn\u00e9 des r\u00e9sultats diff\u00e9rents. Un effet a \u00e9t\u00e9 observ\u00e9 sur les monocytes, aucun effet sur les lymphocytes T et des r\u00e9sultats contradictoires sur les lymphocytes B.<\/p>\n<p>En outre, il a \u00e9t\u00e9 constat\u00e9 que certains effets, fractures d&rsquo;ADN et induction MN, se produisaient aussi bien avec des champs RF non puls\u00e9s que puls\u00e9s tandis que d&rsquo;autres effets, tels que le changement de g\u00e8ne et d&rsquo;expression prot\u00e9ique, se produisaient uniquement avec des champs RF puls\u00e9s. Pour certaines cellules, une augmentation de l&rsquo;expression des prot\u00e9ines de stress Hsp27 et Hsp70 a \u00e9t\u00e9 constat\u00e9e, indiquant une r\u00e9ponse au stress cellulaire\u00a0: Hsp est l&rsquo;acronyme anglais des prot\u00e9ines de choc thermique.<\/p>\n<h3>Conclusion<\/h3>\n<p>Il a \u00e9t\u00e9 constat\u00e9 que la charge non thermique des cultures cellulaires expos\u00e9es \u00e0 des champs magn\u00e9tiques d&rsquo;extr\u00eamement basse fr\u00e9quence (ELF) provenant d&rsquo;installations et de dispositifs \u00e9lectriques, ou les champs \u00e9lectromagn\u00e9tiques RF provenant de t\u00e9l\u00e9phones portables et d&rsquo;\u00e9quipements sans fil peuvent entra\u00eener des dommages g\u00e9n\u00e9tiques. Ces dommages d\u00e9pendent du type de cellule. Certaines cellules humaines, en particulier les fibroblastes, sont sensibles \u00e0 ces champs tandis que d&rsquo;autres cellules, y compris les globules blancs, sont moins sensibles et ne r\u00e9pondent pas aux champs de faible intensit\u00e9 utilis\u00e9s dans l&rsquo;\u00e9tude REFLEX. S&rsquo;il y a dommage, on observe toujours une augmentation du nombre de radicaux libres d&rsquo;oxyg\u00e8ne, et parfois aussi des radicaux hydroxyles. Ces radicaux peuvent provoquer un stress oxydant et endommager l&rsquo;ADN, les prot\u00e9ines et les membranes cellulaires, et sont probablement responsables dans une large mesure des effets observ\u00e9s. En effet, dans certaines exp\u00e9riences des auteurs, lorsque des capteurs de radicaux sont ajout\u00e9s aux cultures cellulaires, les dommages \u00e0 l&rsquo;ADN sont \u00e9vit\u00e9s, un r\u00e9sultat qui est confirm\u00e9 par d&rsquo;autres \u00e9tudes.<\/p>\n<h2>Documents<\/h2>\n<p>Voici une liste de rapports et de publications scientifiques de REFLEX:<\/p>\n<p><a href=\"\/wp-content\/uploads\/reflex-2004.pdf\">Conf\u00e9rence du Prof. Franz Adlkofer, directeur scientifique de la fondation VERUM<\/a>.<\/p>\n<p><a href=\"\/wp-content\/uploads\/reflexvortragdeutsch.pdf\">R\u00e9sultats du projet REFLEX<\/a>. Pr\u00e9sentation au 7\u00e8me Atelier \u00ab\u00a0Champs \u00e9lectromagn\u00e9tiques dans l&rsquo;environnement\u00a0\u00bb ; Minist\u00e8re de l&rsquo;environnement et de la protection de la nature, de l&rsquo;agriculture et de la protection des consommateurs, D\u00fcsseldorf ; 2 d\u00e9cembre 2004.<\/p>\n<p><a href=\"https:\/\/www.jrseco.com\/wp-content\/uploads\/reflex-de.pdf\" target=\"_blank\" rel=\"noopener noreferrer\">Projet REFLEX, comprenant la liste des publications scientifiques (Verum Stiftung).<\/a><\/p>\n<p><a href=\"https:\/\/www.jrseco.com\/wp-content\/uploads\/REFLEX_Final_Report_Part_1.pdf\" target=\"_blank\" rel=\"noopener noreferrer\">REFLEX Rapport final 1\u00e8re partie.pdf<\/a>.<\/p>\n<p><a href=\"https:\/\/www.jrseco.com\/wp-content\/uploads\/REFLEX_Final_Report_Part_2.pdf\" target=\"_blank\" rel=\"noopener noreferrer\">REFLEX Rapport final 2\u00e8me partie.pdf.<\/a><\/p>\n<p><a href=\"https:\/\/www.jrseco.com\/wp-content\/uploads\/REFLEX_Final_Report_Part_3.pdf\" target=\"_blank\" rel=\"noopener noreferrer\">REFLEX Rapport final 3\u00e8me partie.pdf.<\/a><\/p>\n<p><a href=\"https:\/\/www.jrseco.com\/wp-content\/uploads\/REFLEX_Final_Report_Part_4.pdf\" target=\"_blank\" rel=\"noopener noreferrer\">REFLEX Rapport final 4\u00e8me partie.pdf.<\/a><\/p>\n<p><a href=\"https:\/\/www.jrseco.com\/wp-content\/uploads\/REFLEX_ProgressSummary_231104.pdf\" target=\"_blank\" rel=\"noopener noreferrer\">Synth\u00e8se des progr\u00e8s REFLEX 23-11-2004<\/a>.<\/p>\n<h2>All\u00e9gations non fond\u00e9es de fraude scientifique<\/h2>\n<p>L&rsquo;\u00e9tude REFLEX a \u00e9t\u00e9 accus\u00e9e de fraude scientifique, notamment par le prof. Alexander Lerchl, professeur \u00e0 l&rsquo;universit\u00e9 priv\u00e9e de Br\u00eame. Voir aussi <a href=\"https:\/\/www.jrseco.com\/nl\/hoe-er-wordt-omgegaan-met-wetenschappelijk-onderzoek-naar-gezondheidsrisco-s-van-straling-van-mobiele-telefoons\/\">C&rsquo;est ainsi que la recherche scientifique sur les risques pour la sant\u00e9 li\u00e9s au rayonnement des t\u00e9l\u00e9phones portables est trait\u00e9e.<\/a> En 2010, toutes les all\u00e9gations se sont r\u00e9v\u00e9l\u00e9es non fond\u00e9es et l&rsquo;\u00e9tude REFLEX a \u00e9t\u00e9 blanchie de toutes les accusations. De 2002 \u00e0 2008, Lerchl a gagn\u00e9 beaucoup d&rsquo;argent gr\u00e2ce au programme \u00ab\u00a0Deutsches Mobilfunk Forschungs\u00a0\u00bb, cofinanc\u00e9 par l&rsquo;industrie allemande tes t\u00e9l\u00e9coms. La candidature de Lerchl au comit\u00e9 CIRC de l&rsquo;Organisation mondiale de la sant\u00e9 (OMS) consacr\u00e9 au rapport entre radiofr\u00e9quences et cancer a \u00e9t\u00e9 refus\u00e9e en raison de conflits d&rsquo;int\u00e9r\u00eats. Alors qu&rsquo;il protestait, le CIRC lui a r\u00e9pondu dans une lettre tranchante que son adh\u00e9sion ne contribuerait pas \u00e0 une commission \u00e9quilibr\u00e9e parce qu&rsquo;une grande partie de son travail visait simplement \u00e0 miner les publications d\u00e9montrant que les rayonnements ont des effets sur la sant\u00e9.<\/p>\n<p>L&rsquo;assistante de laboratoire de l&rsquo;\u00e9quipe REFLEX, injustement accus\u00e9e, a poursuivi le prof. Alexander Lerchl pour diffamation et, par <a href=\"https:\/\/web.archive.org\/web\/20190409111552\/http:\/\/kompetenzinitiative.net\/KIT\/KIT\/elisabeth-kratochvil-verklagt-professor-alexander-lerch\/\" target=\"_blank\" rel=\"noopener noreferrer\">son verdict de 2015, le tribunal du district judiciaire de Hambourg<\/a>, lui a <a href=\"https:\/\/stiftung-pandora.eu\/2015\/03\/20\/endurteil-kratochvil-gegen-lerchl\/\" target=\"_blank\" rel=\"noopener noreferrer\">donn\u00e9 enti\u00e8rement raison.<\/a><\/p>\n<p><a href=\"https:\/\/www.diagnose-funk.org\/publikationen\/artikel\/detail?newsid=844\" target=\"_blank\" rel=\"noopener noreferrer\">REFLEX-Studie juristisch best\u00e4tigt &#8211; F\u00e4lschungsvorwurf zur\u00fcckgewiesen &#8211; Diagnose:Funk<\/a><\/p>\n<p><a href=\"https:\/\/www.diagnose-funk.org\/publikationen\/artikel\/detail?newsid=871\" target=\"_blank\" rel=\"noopener noreferrer\">Adlkofer und R\u00fcdiger: Publizierte Daten richtig! Reaktion auf PM des Rektors der Med. Uni Wien &#8211; Diagnose:Funk<\/a><\/p>\n<p>Selon le responsable de l&rsquo;\u00e9tude, le prof. Franz Adlkofer, les r\u00e9sultats de l&rsquo;\u00e9tude REFLEX auraient d\u00fb \u00eatre publi\u00e9s beaucoup plus t\u00f4t, mais <a href=\"http:\/\/omega.twoday.net\/stories\/362648\/\" target=\"_blank\" rel=\"noopener noreferrer\">les entreprises des t\u00e9l\u00e9coms ont essay\u00e9 d&rsquo;en emp\u00eacher la publication<\/a>\u00a0(<a href=\"https:\/\/www.jrseco.com\/wp-content\/uploads\/Omega-News_-Mobilphone-industry-wants-to-stop-publication-of-the-REFLEX-Study.pdf\">copie<\/a> et <a href=\"https:\/\/www.jrseco.com\/wp-content\/uploads\/Adlkofer-REFLEX-Sianette-Kwee.pdf\">CV de Sianette Kwee<\/a>).<\/p>\n<p>\u00c0 cet \u00e9gard, voyez aussi la critique de la position laxiste du Conseil de sant\u00e9 des Pays-Bas, \u00e0 la page 5 de l&rsquo;article <a href=\"https:\/\/www.jrseco.com\/nl\/vrij-nederland-kankermobieltjes\/\">&lsquo;Cancer Mobiles&rsquo;<\/a> de l&rsquo;hebdomadaire n\u00e9erlandais \u00ab\u00a0Vrij Nederland\u00a0\u00bb.<\/p>\n<p><a href=\"https:\/\/www.jrseco.com\/wp-content\/uploads\/ki_heft-5_Strahlenschutz-im-Widerspruch-zur-Wissenschaft.pdf\">Strahlenschutz im Widerspruch zur Wissenschaft, Eine Dokumentation &#8211; Franz Adlkofer und Karl Richter- Prof.<\/a><\/p>\n<p><a href=\"https:\/\/www.jrseco.com\/wp-content\/uploads\/Stx_15_684-685_E03-04.pdf\">Rechtskr\u00e4ftiges Urteil zu den F\u00e4lschungsvorw\u00fcrfen &#8211; Elektrosmogreport<\/a><\/p>\n","protected":false},"excerpt":{"rendered":"<p>Introduction L&rsquo;\u00e9tude europ\u00e9enne REFLEX (2004) a \u00e9t\u00e9 r\u00e9alis\u00e9e pour le compte de l&rsquo;UE par 12 institutions pour un budget total de 3 millions d&rsquo;euros. Les r\u00e9sultats montrent que, m\u00eame \u00e0 une valeur de DAS de 1,3W\/kg (repr\u00e9sentative de nombreux t\u00e9l\u00e9phones portables), des dommages biologiques significatifs dans les cellules humaines et en particulier dans l&rsquo;ADN sont [&hellip;]<\/p>\n","protected":false},"author":76,"featured_media":8107,"comment_status":"closed","ping_status":"closed","sticky":false,"template":"","format":"standard","meta":{"footnotes":""},"categories":[114,96,118],"tags":[151,194],"class_list":["post-7943","post","type-post","status-publish","format-standard","has-post-thumbnail","hentry","category-avis-scientifiques","category-blog-fr","category-science-fr","tag-adn","tag-cancer-fr"],"featured_image_src":{"landsacpe":["https:\/\/www.jrseco.com\/wp-content\/uploads\/reflex_studie_radio_vs_rontgen-830x445.jpg",830,445,true],"list":["https:\/\/www.jrseco.com\/wp-content\/uploads\/reflex_studie_radio_vs_rontgen-463x348.jpg",463,348,true],"medium":["https:\/\/www.jrseco.com\/wp-content\/uploads\/reflex_studie_radio_vs_rontgen-300x300.jpg",300,300,true],"full":["https:\/\/www.jrseco.com\/wp-content\/uploads\/reflex_studie_radio_vs_rontgen.jpg",830,830,false]},"_links":{"self":[{"href":"https:\/\/www.jrseco.com\/fr\/wp-json\/wp\/v2\/posts\/7943","targetHints":{"allow":["GET"]}}],"collection":[{"href":"https:\/\/www.jrseco.com\/fr\/wp-json\/wp\/v2\/posts"}],"about":[{"href":"https:\/\/www.jrseco.com\/fr\/wp-json\/wp\/v2\/types\/post"}],"author":[{"embeddable":true,"href":"https:\/\/www.jrseco.com\/fr\/wp-json\/wp\/v2\/users\/76"}],"replies":[{"embeddable":true,"href":"https:\/\/www.jrseco.com\/fr\/wp-json\/wp\/v2\/comments?post=7943"}],"version-history":[{"count":0,"href":"https:\/\/www.jrseco.com\/fr\/wp-json\/wp\/v2\/posts\/7943\/revisions"}],"wp:featuredmedia":[{"embeddable":true,"href":"https:\/\/www.jrseco.com\/fr\/wp-json\/wp\/v2\/media\/8107"}],"wp:attachment":[{"href":"https:\/\/www.jrseco.com\/fr\/wp-json\/wp\/v2\/media?parent=7943"}],"wp:term":[{"taxonomy":"category","embeddable":true,"href":"https:\/\/www.jrseco.com\/fr\/wp-json\/wp\/v2\/categories?post=7943"},{"taxonomy":"post_tag","embeddable":true,"href":"https:\/\/www.jrseco.com\/fr\/wp-json\/wp\/v2\/tags?post=7943"}],"curies":[{"name":"wp","href":"https:\/\/api.w.org\/{rel}","templated":true}]}}